{"id":5558,"date":"2025-02-26T09:44:55","date_gmt":"2025-02-26T09:44:55","guid":{"rendered":"https:\/\/staibock-cup.ch\/?p=5558"},"modified":"2025-02-26T10:29:54","modified_gmt":"2025-02-26T10:29:54","slug":"uni-2-tre","status":"publish","type":"post","link":"https:\/\/staibock-cup.ch\/index.php\/2025\/02\/26\/uni-2-tre\/","title":{"rendered":"uni-2-tre: Die Gymnastrada Gruppe der Universit\u00e4t Bern"},"content":{"rendered":"<div class=\"fusion-fullwidth fullwidth-box fusion-builder-row-1 fusion-flex-container nonhundred-percent-fullwidth non-hundred-percent-height-scrolling\" style=\"background-color: rgba(255,255,255,0);background-position: center center;background-repeat: no-repeat;border-width: 0px 0px 0px 0px;border-color:#eae9e9;border-style:solid;\" ><div class=\"fusion-builder-row fusion-row fusion-flex-align-items-flex-start\" style=\"max-width:1227.2px;margin-left: calc(-4% \/ 2 );margin-right: calc(-4% \/ 2 );\"><div class=\"fusion-layout-column fusion_builder_column fusion-builder-column-0 fusion_builder_column_1_1 1_1 fusion-flex-column\"><div class=\"fusion-column-wrapper fusion-flex-justify-content-flex-start fusion-content-layout-column\" style=\"background-position:left top;background-blend-mode: overlay;background-repeat:no-repeat;-webkit-background-size:cover;-moz-background-size:cover;-o-background-size:cover;background-size:cover;padding: 0px 0px 0px 0px;\"><div class=\"fusion-text fusion-text-1\"><h3 data-start=\"186\" data-end=\"393\"><strong data-start=\"135\" data-end=\"227\">uni-2-tre: Die Gymnastrada Gruppe der Universit\u00e4t Bern<\/strong><\/h3>\n<p data-start=\"186\" data-end=\"393\">Die <strong>Mobiliar Golden Gala 2025<\/strong> wird um eine spektakul\u00e4re Darbietung bereichert: Die Showgruppe <strong data-start=\"275\" data-end=\"288\">uni-2-tre<\/strong> bringt mit ihrer einzigartigen Kombination aus Tanz, Akrobatik und Eleganz pure Energie auf die B\u00fchne!<\/p>\n<p data-start=\"395\" data-end=\"864\">Bekannt f\u00fcr ihre ausdrucksstarken Choreografien, beeindruckenden Hebefiguren und dynamischen Formationen, vereint <strong data-start=\"509\" data-end=\"522\">uni-2-tre<\/strong> turnerisches K\u00f6nnen mit k\u00fcnstlerischer Ausdruckskraft. Die talentierten T\u00e4nzerinnen und Akrobatinnen der Universit\u00e4t Bern haben bereits auf nationalen und internationalen B\u00fchnen begeistert \u2013 unter anderem am Mittell\u00e4ndischen Turnfest, beim Wolves Festival auf Rhodos und bei der Er\u00f6ffnungszeremonie der Voltige-Weltmeisterschaften in Bern.<\/p>\n<p data-start=\"866\" data-end=\"1051\">Nun wird dieses aussergew\u00f6hnliche Ensemble die G\u00e4ste der <strong data-start=\"922\" data-end=\"937\">Golden Gala<\/strong> mit einer mitreissenden Performance verzaubern. Freuen Sie sich auf eine spektakul\u00e4re Show!<\/p>\n<\/div><div class=\"fusion-image-carousel fusion-image-carousel-auto fusion-image-carousel-1\"><div class=\"fusion-carousel\" data-autoplay=\"yes\" data-columns=\"2\" data-itemmargin=\"13\" data-itemwidth=\"180\" data-touchscroll=\"no\" data-imagesize=\"auto\"><div class=\"fusion-carousel-positioner\"><ul class=\"fusion-carousel-holder\"><li class=\"fusion-carousel-item\"><div class=\"fusion-carousel-item-wrapper\"><div class=\"fusion-image-wrapper hover-type-none\"><img decoding=\"async\" width=\"2560\" height=\"1707\" src=\"https:\/\/staibock-cup.ch\/wp-content\/uploads\/2025\/02\/Gymotion_2020_DSC3712-scaled.jpg\" class=\"attachment-full size-full\" alt=\"\" srcset=\"https:\/\/staibock-cup.ch\/wp-content\/uploads\/2025\/02\/Gymotion_2020_DSC3712-200x133.jpg 200w, https:\/\/staibock-cup.ch\/wp-content\/uploads\/2025\/02\/Gymotion_2020_DSC3712-400x267.jpg 400w, https:\/\/staibock-cup.ch\/wp-content\/uploads\/2025\/02\/Gymotion_2020_DSC3712-600x400.jpg 600w, https:\/\/staibock-cup.ch\/wp-content\/uploads\/2025\/02\/Gymotion_2020_DSC3712-800x533.jpg 800w, https:\/\/staibock-cup.ch\/wp-content\/uploads\/2025\/02\/Gymotion_2020_DSC3712-1200x800.jpg 1200w, https:\/\/staibock-cup.ch\/wp-content\/uploads\/2025\/02\/Gymotion_2020_DSC3712-scaled.jpg 2560w\" sizes=\"(min-width: 2200px) 100vw, (min-width: 712px) 584px, (min-width: 640px) 712px, \" \/><\/div><\/div><\/li><li class=\"fusion-carousel-item\"><div class=\"fusion-carousel-item-wrapper\"><div class=\"fusion-image-wrapper hover-type-none\"><img decoding=\"async\" width=\"2560\" height=\"1707\" src=\"https:\/\/staibock-cup.ch\/wp-content\/uploads\/2025\/02\/10thAthletesDay-368-scaled.jpg\" class=\"attachment-full size-full\" alt=\"\" \/><\/div><\/div><\/li><\/ul><\/div><\/div><\/div><\/div><style type=\"text\/css\">.fusion-body .fusion-builder-column-0{width:100% !important;margin-top : 0px;margin-bottom : 0px;}.fusion-builder-column-0 > .fusion-column-wrapper {padding-top : 0px !important;padding-right : 0px !important;margin-right : 1.92%;padding-bottom : 0px !important;padding-left : 0px !important;margin-left : 1.92%;}@media only screen and (max-width:1024px) {.fusion-body .fusion-builder-column-0{width:100% !important;}.fusion-builder-column-0 > .fusion-column-wrapper {margin-right : 1.92%;margin-left : 1.92%;}}@media only screen and (max-width:640px) {.fusion-body .fusion-builder-column-0{width:100% !important;}.fusion-builder-column-0 > .fusion-column-wrapper {margin-right : 1.92%;margin-left : 1.92%;}}<\/style><\/div><\/div><style type=\"text\/css\">.fusion-body .fusion-flex-container.fusion-builder-row-1{ padding-top : 0px;margin-top : 0px;padding-right : 0px;padding-bottom : 0px;margin-bottom : 0px;padding-left : 0px;}<\/style><\/div>\n","protected":false},"excerpt":{"rendered":"","protected":false},"author":3,"featured_media":5563,"comment_status":"closed","ping_status":"closed","sticky":false,"template":"","format":"standard","meta":{"footnotes":""},"categories":[83,36],"tags":[],"class_list":["post-5558","post","type-post","status-publish","format-standard","has-post-thumbnail","hentry","category-golden-gala-25","category-news"],"_links":{"self":[{"href":"https:\/\/staibock-cup.ch\/index.php\/wp-json\/wp\/v2\/posts\/5558","targetHints":{"allow":["GET"]}}],"collection":[{"href":"https:\/\/staibock-cup.ch\/index.php\/wp-json\/wp\/v2\/posts"}],"about":[{"href":"https:\/\/staibock-cup.ch\/index.php\/wp-json\/wp\/v2\/types\/post"}],"author":[{"embeddable":true,"href":"https:\/\/staibock-cup.ch\/index.php\/wp-json\/wp\/v2\/users\/3"}],"replies":[{"embeddable":true,"href":"https:\/\/staibock-cup.ch\/index.php\/wp-json\/wp\/v2\/comments?post=5558"}],"version-history":[{"count":8,"href":"https:\/\/staibock-cup.ch\/index.php\/wp-json\/wp\/v2\/posts\/5558\/revisions"}],"predecessor-version":[{"id":5586,"href":"https:\/\/staibock-cup.ch\/index.php\/wp-json\/wp\/v2\/posts\/5558\/revisions\/5586"}],"wp:featuredmedia":[{"embeddable":true,"href":"https:\/\/staibock-cup.ch\/index.php\/wp-json\/wp\/v2\/media\/5563"}],"wp:attachment":[{"href":"https:\/\/staibock-cup.ch\/index.php\/wp-json\/wp\/v2\/media?parent=5558"}],"wp:term":[{"taxonomy":"category","embeddable":true,"href":"https:\/\/staibock-cup.ch\/index.php\/wp-json\/wp\/v2\/categories?post=5558"},{"taxonomy":"post_tag","embeddable":true,"href":"https:\/\/staibock-cup.ch\/index.php\/wp-json\/wp\/v2\/tags?post=5558"}],"curies":[{"name":"wp","href":"https:\/\/api.w.org\/{rel}","templated":true}]}}